{"id":16942,"date":"2026-08-31T11:25:02","date_gmt":"2026-08-31T11:25:02","guid":{"rendered":"https:\/\/www.tukid.org\/?p=16942"},"modified":"2026-08-31T11:25:03","modified_gmt":"2026-08-31T11:25:03","slug":"tukid-kadinlar-komitesi-ilk-toplantisini-gerceklestirdi","status":"publish","type":"post","link":"https:\/\/www.tukid.org\/en\/tukid-kadinlar-komitesi-ilk-toplantisini-gerceklestirdi\/","title":{"rendered":"T\u00dcK\u0130D KADINLAR KOM\u0130TES\u0130 \u0130LK TOPLANTISINI GER\u00c7EKLE\u015eT\u0130RD\u0130"},"content":{"rendered":"<p class=\"wp-block-paragraph\"><strong>T\u00fcm K\u0131rtasiyeciler Derne\u011fi (T\u00dcK\u0130D) b\u00fcnyesinde olu\u015fturulan Kad\u0131nlar Komitesi, 26 A\u011fustos tarihinde Hilton \u0130stanbul Bosphorus Otel\u2019de ger\u00e7ekle\u015ftirilen ilk toplant\u0131s\u0131yla bir araya geldi.<\/strong><\/p>\n\n\n\n<p class=\"wp-block-paragraph\">T\u00dcK\u0130D Y\u00f6netim Kurulu \u00dcyesi \u015eenay Demirta\u015f\u2019\u0131n y\u00f6neticili\u011finde ger\u00e7ekle\u015ftirilen toplant\u0131, k\u0131rtasiye sekt\u00f6r\u00fcnde kad\u0131n temsilcilerin bir araya gelmesi a\u00e7\u0131s\u0131ndan da \u00f6nemli bir ad\u0131m oldu.<\/p>\n\n\n\n<figure class=\"wp-block-image size-large\"><img fetchpriority=\"high\" decoding=\"async\" width=\"1024\" height=\"683\" src=\"https:\/\/www.tukid.org\/wp-content\/uploads\/2026\/08\/DSC_0951-1024x683.jpg\" alt=\"\" class=\"lazyload_inited wp-image-16945\" srcset=\"https:\/\/www.tukid.org\/wp-content\/uploads\/2026\/08\/DSC_0951-1024x683.jpg 1024w, https:\/\/www.tukid.org\/wp-content\/uploads\/2026\/08\/DSC_0951-300x200.jpg 300w, https:\/\/www.tukid.org\/wp-content\/uploads\/2026\/08\/DSC_0951-768x512.jpg 768w, https:\/\/www.tukid.org\/wp-content\/uploads\/2026\/08\/DSC_0951-1536x1024.jpg 1536w, https:\/\/www.tukid.org\/wp-content\/uploads\/2026\/08\/DSC_0951-2048x1365.jpg 2048w, https:\/\/www.tukid.org\/wp-content\/uploads\/2026\/08\/DSC_0951-18x12.jpg 18w, https:\/\/www.tukid.org\/wp-content\/uploads\/2026\/08\/DSC_0951-370x247.jpg 370w, https:\/\/www.tukid.org\/wp-content\/uploads\/2026\/08\/DSC_0951-1290x860.jpg 1290w, https:\/\/www.tukid.org\/wp-content\/uploads\/2026\/08\/DSC_0951-1080x720.jpg 1080w, https:\/\/www.tukid.org\/wp-content\/uploads\/2026\/08\/DSC_0951-865x577.jpg 865w, https:\/\/www.tukid.org\/wp-content\/uploads\/2026\/08\/DSC_0951-642x428.jpg 642w\" sizes=\"(max-width: 1024px) 100vw, 1024px\" \/><\/figure>\n\n\n\n<p class=\"wp-block-paragraph\">Sekt\u00f6rde bir ilk olma \u00f6zelli\u011fi ta\u015f\u0131yan T\u00dcK\u0130D Kad\u0131nlar Komitesi; k\u0131rtasiye sekt\u00f6r\u00fcnde faaliyet g\u00f6steren firmalarda g\u00f6rev alan kad\u0131n temsilcilerden olu\u015fuyor. Komitenin, farkl\u0131 firmalardan ve farkl\u0131 \u00e7al\u0131\u015fma alanlar\u0131ndan gelen kad\u0131nlar\u0131n deneyim ve bak\u0131\u015f a\u00e7\u0131lar\u0131n\u0131 bir araya getirerek sekt\u00f6r\u00fcn geli\u015fimine katk\u0131 sa\u011flamas\u0131 hedefleniyor.<\/p>\n\n\n\n<p class=\"wp-block-paragraph\">\u0130lk toplant\u0131da sekt\u00f6r\u00fcn mevcut dinamikleri de\u011ferlendirilirken, k\u0131rtasiye sekt\u00f6r\u00fcne y\u00f6nelik yeni bak\u0131\u015f a\u00e7\u0131lar\u0131, farkl\u0131 fikirler, ger\u00e7ekle\u015ftirilebilecek etkinlikler ve sosyal sorumluluk projeleri \u00fczerine g\u00f6r\u00fc\u015f al\u0131\u015fveri\u015finde bulunuldu. Kad\u0131nlar\u0131n sekt\u00f6rdeki deneyimlerinin ve farkl\u0131 perspektiflerinin daha fazla g\u00f6r\u00fcn\u00fcr k\u0131l\u0131nmas\u0131, komitenin \u00f6ncelikli \u00e7al\u0131\u015fma alanlar\u0131 aras\u0131nda ele al\u0131nd\u0131.<\/p>\n\n\n\n<p class=\"wp-block-paragraph\">T\u00dcK\u0130D Kad\u0131nlar Komitesi\u2019nin \u00f6n\u00fcm\u00fczdeki d\u00f6nemde ger\u00e7ekle\u015ftirece\u011fi \u00e7al\u0131\u015fmalarla sekt\u00f6r\u00fcn geli\u015fimine farkl\u0131 bir perspektif kazand\u0131rmas\u0131, i\u015f birli\u011fini g\u00fc\u00e7lendirmesi ve sosyal y\u00f6n\u00fc kuvvetli projelere \u00f6nc\u00fcl\u00fck etmesi ama\u00e7lan\u0131yor. Komitenin, daha zarif, daha renkli, yarat\u0131c\u0131 ve \u00e7ok y\u00f6nl\u00fc bir bak\u0131\u015f a\u00e7\u0131s\u0131n\u0131 sekt\u00f6r\u00fcn karar alma ve geli\u015fim s\u00fcre\u00e7lerine ta\u015f\u0131yan g\u00fc\u00e7l\u00fc bir yap\u0131 olu\u015fturmas\u0131 hedefleniyor.<\/p>\n\n\n\n<figure class=\"wp-block-image size-large\"><img decoding=\"async\" width=\"1024\" height=\"683\" src=\"https:\/\/www.tukid.org\/wp-content\/uploads\/2026\/08\/DSC_0944-1024x683.jpg\" alt=\"\" class=\"lazyload_inited wp-image-16944\" srcset=\"https:\/\/www.tukid.org\/wp-content\/uploads\/2026\/08\/DSC_0944-1024x683.jpg 1024w, https:\/\/www.tukid.org\/wp-content\/uploads\/2026\/08\/DSC_0944-300x200.jpg 300w, https:\/\/www.tukid.org\/wp-content\/uploads\/2026\/08\/DSC_0944-768x512.jpg 768w, https:\/\/www.tukid.org\/wp-content\/uploads\/2026\/08\/DSC_0944-1536x1024.jpg 1536w, https:\/\/www.tukid.org\/wp-content\/uploads\/2026\/08\/DSC_0944-2048x1365.jpg 2048w, https:\/\/www.tukid.org\/wp-content\/uploads\/2026\/08\/DSC_0944-18x12.jpg 18w, https:\/\/www.tukid.org\/wp-content\/uploads\/2026\/08\/DSC_0944-370x247.jpg 370w, https:\/\/www.tukid.org\/wp-content\/uploads\/2026\/08\/DSC_0944-1290x860.jpg 1290w, https:\/\/www.tukid.org\/wp-content\/uploads\/2026\/08\/DSC_0944-1080x720.jpg 1080w, https:\/\/www.tukid.org\/wp-content\/uploads\/2026\/08\/DSC_0944-865x577.jpg 865w, https:\/\/www.tukid.org\/wp-content\/uploads\/2026\/08\/DSC_0944-642x428.jpg 642w\" sizes=\"(max-width: 1024px) 100vw, 1024px\" \/><\/figure>\n\n\n\n<p class=\"wp-block-paragraph\">Kad\u0131nlar\u0131n sekt\u00f6rdeki etkinli\u011fini ve temsil g\u00fcc\u00fcn\u00fc art\u0131rmay\u0131 ama\u00e7layan T\u00dcK\u0130D Kad\u0131nlar Komitesi, \u00f6n\u00fcm\u00fczdeki d\u00f6nemde ger\u00e7ekle\u015ftirece\u011fi \u00e7al\u0131\u015fmalar ve projelerle k\u0131rtasiye sekt\u00f6r\u00fcne yeni bir soluk kazand\u0131rmaya haz\u0131rlan\u0131yor.<\/p>\n\n\n\n<p class=\"wp-block-paragraph\"><\/p>","protected":false},"excerpt":{"rendered":"<p>T\u00fcm K\u0131rtasiyeciler Derne\u011fi (T\u00dcK\u0130D) b\u00fcnyesinde olu\u015fturulan Kad\u0131nlar Komitesi, 26 A\u011fustos tarihinde Hilton \u0130stanbul Bosphorus Otel\u2019de ger\u00e7ekle\u015ftirilen ilk toplant\u0131s\u0131yla bir araya geldi. T\u00dcK\u0130D Y\u00f6netim Kurulu \u00dcyesi \u015eenay Demirta\u015f\u2019\u0131n y\u00f6neticili\u011finde ger\u00e7ekle\u015ftirilen toplant\u0131, k\u0131rtasiye sekt\u00f6r\u00fcnde kad\u0131n temsilcilerin bir araya gelmesi a\u00e7\u0131s\u0131ndan da \u00f6nemli bir ad\u0131m oldu. Sekt\u00f6rde bir ilk olma \u00f6zelli\u011fi ta\u015f\u0131yan T\u00dcK\u0130D Kad\u0131nlar Komitesi; k\u0131rtasiye sekt\u00f6r\u00fcnde faaliyet&hellip;<\/p>","protected":false},"author":1,"featured_media":16943,"comment_status":"closed","ping_status":"open","sticky":false,"template":"","format":"standard","meta":{"footnotes":""},"categories":[84],"tags":[],"class_list":["post-16942","post","type-post","status-publish","format-standard","has-post-thumbnail","hentry","category-sektorel-haberler"],"_links":{"self":[{"href":"https:\/\/www.tukid.org\/en\/wp-json\/wp\/v2\/posts\/16942","targetHints":{"allow":["GET"]}}],"collection":[{"href":"https:\/\/www.tukid.org\/en\/wp-json\/wp\/v2\/posts"}],"about":[{"href":"https:\/\/www.tukid.org\/en\/wp-json\/wp\/v2\/types\/post"}],"author":[{"embeddable":true,"href":"https:\/\/www.tukid.org\/en\/wp-json\/wp\/v2\/users\/1"}],"replies":[{"embeddable":true,"href":"https:\/\/www.tukid.org\/en\/wp-json\/wp\/v2\/comments?post=16942"}],"version-history":[{"count":1,"href":"https:\/\/www.tukid.org\/en\/wp-json\/wp\/v2\/posts\/16942\/revisions"}],"predecessor-version":[{"id":16946,"href":"https:\/\/www.tukid.org\/en\/wp-json\/wp\/v2\/posts\/16942\/revisions\/16946"}],"wp:featuredmedia":[{"embeddable":true,"href":"https:\/\/www.tukid.org\/en\/wp-json\/wp\/v2\/media\/16943"}],"wp:attachment":[{"href":"https:\/\/www.tukid.org\/en\/wp-json\/wp\/v2\/media?parent=16942"}],"wp:term":[{"taxonomy":"category","embeddable":true,"href":"https:\/\/www.tukid.org\/en\/wp-json\/wp\/v2\/categories?post=16942"},{"taxonomy":"post_tag","embeddable":true,"href":"https:\/\/www.tukid.org\/en\/wp-json\/wp\/v2\/tags?post=16942"}],"curies":[{"name":"wp","href":"https:\/\/api.w.org\/{rel}","templated":true}]}}